{"id":2051,"date":"2019-05-28T02:00:24","date_gmt":"2019-05-28T00:00:24","guid":{"rendered":"https:\/\/hautwerk.ch\/wir-stellen-uns-vor-dr-med-saskia-eichner\/"},"modified":"2023-05-26T12:27:37","modified_gmt":"2023-05-26T10:27:37","slug":"introducing-ourselves-dr-med-saskia-eichner","status":"publish","type":"post","link":"https:\/\/hautwerk.ch\/en\/blog\/introducing-ourselves-dr-med-saskia-eichner\/","title":{"rendered":"We introduce ourselves: Saskia Eichner, MD"},"content":{"rendered":"<p>Dr. Saskia Eichner celebrates this year her 10-year\nanniversary in the department of dermatology and venereology. She has already\ngained a lot of valuable experience with clinical studies and is\ncontinuously developing herself in the field of aesthetic medicine.<\/p>\n\n\n\n<p>She began her in-depth training over several years at the Clinic and Polyclinic for Dermatology and Allergology at Ludwig Maximilian University in Munich. She completed her specialist training at the Dermatology Clinic of the Friedrich-Alexander University in Erlangen and obtained the additional title of allergologist. Through her work at different clinics, each with a different focus, and her work in various special consultations (psoriasis, vitiligo, melanoma), she was able to gain extensive experience in the treatment of the entire spectrum of dermatological diseases. A proven expertise as a study physician took place through the implementation of phase II-IV studies during the entire clinical activity.Furthermore, she was able to gain important experience in aesthetic medicine at the renowned Rosenpark Clinic in Darmstadt.<\/p>\n\n\n\n<figure class=\"wp-block-image\"><img decoding=\"async\" src=\"https:\/\/hautwerk.ch\/wp-content\/uploads\/2022\/12\/IMG_4812-scaled.jpg\" alt=\"\" class=\"wp-image-1120\"\/><figcaption>Dr. Eichner during a consultation for skin cancer screening<\/figcaption><\/figure>\n\n\n\n<p>Her current focus is on classical, surgical and non-surgical aesthetic dermatology and laser medicine.<br>Since October 2017, Dr. Eichner has strengthened the team of Dr. R\u00fcmmelein and takes care of the wishes and needs of her patients with passion and commitment.<br>She has also been first author and co-author in several national and international journals and a speaker at national and international training courses and congresses.<\/p>","protected":false},"excerpt":{"rendered":"<p>Dr. Saskia Eichner feiert dieses Jahr ihr 10-j\u00e4hriges Jubil\u00e4um im Fachbereich der Dermatologie und Venerologie. Dabei konnte Sie bereits viele wertvolle Erfahrungen mit klinischen Studien sammeln und ist dabei, sich im Bereich der \u00e4sthetischen Medizin laufend weiterzuentwickeln. Begonnen hat sie ihre mehrj\u00e4hrige fundierte Ausbildung an der Klinik und Poliklinik f\u00fcr Dermatologie und Allergologie der Ludwig-Maximilians [&hellip;]<\/p>\n","protected":false},"author":15,"featured_media":2052,"comment_status":"open","ping_status":"open","sticky":false,"template":"","format":"standard","meta":{"_acf_changed":false,"footnotes":""},"categories":[1],"tags":[772],"class_list":["post-2051","post","type-post","status-publish","format-standard","has-post-thumbnail","hentry","category-allgemein","tag-nachricht"],"acf":[],"yoast_head":"<!-- This site is optimized with the Yoast SEO Premium plugin v26.4 (Yoast SEO v27.3) - https:\/\/yoast.com\/product\/yoast-seo-premium-wordpress\/ -->\n<title>Wir stellen uns vor: Dr. med. Saskia Eichner : Hautwerk<\/title>\n<meta name=\"robots\" content=\"index, follow, max-snippet:-1, max-image-preview:large, max-video-preview:-1\" \/>\n<link rel=\"canonical\" href=\"https:\/\/hautwerk.ch\/en\/blog\/introducing-ourselves-dr-med-saskia-eichner\/\" \/>\n<meta property=\"og:locale\" content=\"en_US\" \/>\n<meta property=\"og:type\" content=\"article\" \/>\n<meta property=\"og:title\" content=\"Wir stellen uns vor: Dr. med. Saskia Eichner\" \/>\n<meta property=\"og:description\" content=\"Dr. Saskia Eichner feiert dieses Jahr ihr 10-j\u00e4hriges Jubil\u00e4um im Fachbereich der Dermatologie und Venerologie. Dabei konnte Sie bereits viele wertvolle Erfahrungen mit klinischen Studien sammeln und ist dabei, sich im Bereich der \u00e4sthetischen Medizin laufend weiterzuentwickeln. Begonnen hat sie ihre mehrj\u00e4hrige fundierte Ausbildung an der Klinik und Poliklinik f\u00fcr Dermatologie und Allergologie der Ludwig-Maximilians [&hellip;]\" \/>\n<meta property=\"og:url\" content=\"https:\/\/hautwerk.ch\/en\/blog\/introducing-ourselves-dr-med-saskia-eichner\/\" \/>\n<meta property=\"og:site_name\" content=\"Hautwerk\" \/>\n<meta property=\"article:published_time\" content=\"2019-05-28T00:00:24+00:00\" \/>\n<meta property=\"article:modified_time\" content=\"2023-05-26T10:27:37+00:00\" \/>\n<meta property=\"og:image\" content=\"https:\/\/hautwerk.ch\/wp-content\/uploads\/2022\/12\/IMG_4812-scaled.jpg\" \/>\n\t<meta property=\"og:image:width\" content=\"2560\" \/>\n\t<meta property=\"og:image:height\" content=\"1707\" \/>\n\t<meta property=\"og:image:type\" content=\"image\/jpeg\" \/>\n<meta name=\"author\" content=\"Stipan Maric\" \/>\n<meta name=\"twitter:card\" content=\"summary_large_image\" \/>\n<meta name=\"twitter:label1\" content=\"Written by\" \/>\n\t<meta name=\"twitter:data1\" content=\"Stipan Maric\" \/>\n\t<meta name=\"twitter:label2\" content=\"Est. reading time\" \/>\n\t<meta name=\"twitter:data2\" content=\"1 minute\" \/>\n<!-- \/ Yoast SEO Premium plugin. -->","yoast_head_json":{"title":"We introduce ourselves: Dr. med. Saskia Eichner : Hautwerk","robots":{"index":"index","follow":"follow","max-snippet":"max-snippet:-1","max-image-preview":"max-image-preview:large","max-video-preview":"max-video-preview:-1"},"canonical":"https:\/\/hautwerk.ch\/en\/blog\/introducing-ourselves-dr-med-saskia-eichner\/","og_locale":"en_US","og_type":"article","og_title":"Wir stellen uns vor: Dr. med. Saskia Eichner","og_description":"Dr. Saskia Eichner feiert dieses Jahr ihr 10-j\u00e4hriges Jubil\u00e4um im Fachbereich der Dermatologie und Venerologie. Dabei konnte Sie bereits viele wertvolle Erfahrungen mit klinischen Studien sammeln und ist dabei, sich im Bereich der \u00e4sthetischen Medizin laufend weiterzuentwickeln. Begonnen hat sie ihre mehrj\u00e4hrige fundierte Ausbildung an der Klinik und Poliklinik f\u00fcr Dermatologie und Allergologie der Ludwig-Maximilians [&hellip;]","og_url":"https:\/\/hautwerk.ch\/en\/blog\/introducing-ourselves-dr-med-saskia-eichner\/","og_site_name":"Hautwerk","article_published_time":"2019-05-28T00:00:24+00:00","article_modified_time":"2023-05-26T10:27:37+00:00","og_image":[{"width":2560,"height":1707,"url":"https:\/\/hautwerk.ch\/wp-content\/uploads\/2022\/12\/IMG_4812-scaled.jpg","type":"image\/jpeg"}],"author":"Stipan Maric","twitter_card":"summary_large_image","twitter_misc":{"Written by":"Stipan Maric","Est. reading time":"1 minute"},"schema":{"@context":"https:\/\/schema.org","@graph":[{"@type":"Article","@id":"https:\/\/hautwerk.ch\/blog\/wir-stellen-uns-vor-dr-med-saskia-eichner\/#article","isPartOf":{"@id":"https:\/\/hautwerk.ch\/blog\/wir-stellen-uns-vor-dr-med-saskia-eichner\/"},"author":{"name":"Stipan Maric","@id":"https:\/\/hautwerk.ch\/#\/schema\/person\/f6e4a7e479f0ebf8d7ef8fa537a391a0"},"headline":"Wir stellen uns vor: Dr. med. Saskia Eichner","datePublished":"2019-05-28T00:00:24+00:00","dateModified":"2023-05-26T10:27:37+00:00","mainEntityOfPage":{"@id":"https:\/\/hautwerk.ch\/blog\/wir-stellen-uns-vor-dr-med-saskia-eichner\/"},"wordCount":236,"commentCount":0,"publisher":{"@id":"https:\/\/hautwerk.ch\/#organization"},"image":{"@id":"https:\/\/hautwerk.ch\/blog\/wir-stellen-uns-vor-dr-med-saskia-eichner\/#primaryimage"},"thumbnailUrl":"https:\/\/hautwerk.ch\/wp-content\/uploads\/2022\/12\/IMG_4812-scaled.jpg","keywords":["Nachricht"],"articleSection":["Allgemein"],"inLanguage":"en-US","potentialAction":[{"@type":"CommentAction","name":"Comment","target":["https:\/\/hautwerk.ch\/blog\/wir-stellen-uns-vor-dr-med-saskia-eichner\/#respond"]}]},{"@type":"WebPage","@id":"https:\/\/hautwerk.ch\/blog\/wir-stellen-uns-vor-dr-med-saskia-eichner\/","url":"https:\/\/hautwerk.ch\/blog\/wir-stellen-uns-vor-dr-med-saskia-eichner\/","name":"We introduce ourselves: Dr. med. Saskia Eichner : Hautwerk","isPartOf":{"@id":"https:\/\/hautwerk.ch\/#website"},"primaryImageOfPage":{"@id":"https:\/\/hautwerk.ch\/blog\/wir-stellen-uns-vor-dr-med-saskia-eichner\/#primaryimage"},"image":{"@id":"https:\/\/hautwerk.ch\/blog\/wir-stellen-uns-vor-dr-med-saskia-eichner\/#primaryimage"},"thumbnailUrl":"https:\/\/hautwerk.ch\/wp-content\/uploads\/2022\/12\/IMG_4812-scaled.jpg","datePublished":"2019-05-28T00:00:24+00:00","dateModified":"2023-05-26T10:27:37+00:00","breadcrumb":{"@id":"https:\/\/hautwerk.ch\/blog\/wir-stellen-uns-vor-dr-med-saskia-eichner\/#breadcrumb"},"inLanguage":"en-US","potentialAction":[{"@type":"ReadAction","target":["https:\/\/hautwerk.ch\/blog\/wir-stellen-uns-vor-dr-med-saskia-eichner\/"]}]},{"@type":"ImageObject","inLanguage":"en-US","@id":"https:\/\/hautwerk.ch\/blog\/wir-stellen-uns-vor-dr-med-saskia-eichner\/#primaryimage","url":"https:\/\/hautwerk.ch\/wp-content\/uploads\/2022\/12\/IMG_4812-scaled.jpg","contentUrl":"https:\/\/hautwerk.ch\/wp-content\/uploads\/2022\/12\/IMG_4812-scaled.jpg","width":2560,"height":1707},{"@type":"BreadcrumbList","@id":"https:\/\/hautwerk.ch\/blog\/wir-stellen-uns-vor-dr-med-saskia-eichner\/#breadcrumb","itemListElement":[{"@type":"ListItem","position":1,"name":"Home","item":"https:\/\/hautwerk.ch\/"},{"@type":"ListItem","position":2,"name":"Wir stellen uns vor: Dr. med. Saskia Eichner"}]},{"@type":"WebSite","@id":"https:\/\/hautwerk.ch\/#website","url":"https:\/\/hautwerk.ch\/","name":"Hautarzt Z\u00fcrich","description":"Special clinic for dermatology and laser medicine","publisher":{"@id":"https:\/\/hautwerk.ch\/#organization"},"potentialAction":[{"@type":"SearchAction","target":{"@type":"EntryPoint","urlTemplate":"https:\/\/hautwerk.ch\/?s={search_term_string}"},"query-input":{"@type":"PropertyValueSpecification","valueRequired":true,"valueName":"search_term_string"}}],"inLanguage":"en-US"},{"@type":"Organization","@id":"https:\/\/hautwerk.ch\/#organization","name":"Hautarzt Z\u00fcrich","alternateName":"Hautwerk","url":"https:\/\/hautwerk.ch\/","logo":{"@type":"ImageObject","inLanguage":"en-US","@id":"https:\/\/hautwerk.ch\/#\/schema\/logo\/image\/","url":"https:\/\/hautwerk.ch\/wp-content\/uploads\/2022\/09\/Fav-2-F-3.png","contentUrl":"https:\/\/hautwerk.ch\/wp-content\/uploads\/2022\/09\/Fav-2-F-3.png","width":500,"height":500,"caption":"Hautarzt Z\u00fcrich"},"image":{"@id":"https:\/\/hautwerk.ch\/#\/schema\/logo\/image\/"},"sameAs":["https:\/\/www.instagram.com\/hautwerk.ch\/","https:\/\/www.linkedin.com\/company\/hautwerk-ch\/"]},{"@type":"Person","@id":"https:\/\/hautwerk.ch\/#\/schema\/person\/f6e4a7e479f0ebf8d7ef8fa537a391a0","name":"Stipan Maric","url":"https:\/\/hautwerk.ch\/en\/author\/sm\/"}]}},"_links":{"self":[{"href":"https:\/\/hautwerk.ch\/en\/wp-json\/wp\/v2\/posts\/2051","targetHints":{"allow":["GET"]}}],"collection":[{"href":"https:\/\/hautwerk.ch\/en\/wp-json\/wp\/v2\/posts"}],"about":[{"href":"https:\/\/hautwerk.ch\/en\/wp-json\/wp\/v2\/types\/post"}],"author":[{"embeddable":true,"href":"https:\/\/hautwerk.ch\/en\/wp-json\/wp\/v2\/users\/15"}],"replies":[{"embeddable":true,"href":"https:\/\/hautwerk.ch\/en\/wp-json\/wp\/v2\/comments?post=2051"}],"version-history":[{"count":0,"href":"https:\/\/hautwerk.ch\/en\/wp-json\/wp\/v2\/posts\/2051\/revisions"}],"wp:featuredmedia":[{"embeddable":true,"href":"https:\/\/hautwerk.ch\/en\/wp-json\/wp\/v2\/media\/2052"}],"wp:attachment":[{"href":"https:\/\/hautwerk.ch\/en\/wp-json\/wp\/v2\/media?parent=2051"}],"wp:term":[{"taxonomy":"category","embeddable":true,"href":"https:\/\/hautwerk.ch\/en\/wp-json\/wp\/v2\/categories?post=2051"},{"taxonomy":"post_tag","embeddable":true,"href":"https:\/\/hautwerk.ch\/en\/wp-json\/wp\/v2\/tags?post=2051"}],"curies":[{"name":"wp","href":"https:\/\/api.w.org\/{rel}","templated":true}]}}