{"id":2082,"date":"2019-07-23T02:00:56","date_gmt":"2019-07-23T00:00:56","guid":{"rendered":"https:\/\/hautwerk.ch\/wir-stellen-uns-vor-dr-med-mareike-prinz\/"},"modified":"2024-02-26T15:48:59","modified_gmt":"2024-02-26T14:48:59","slug":"we-introduce-ourselves-dr-med-mareike-prinz","status":"publish","type":"post","link":"https:\/\/hautwerk.ch\/en\/blog\/we-introduce-ourselves-dr-med-mareike-prinz\/","title":{"rendered":"We introduce ourselves: Mareike Prinz, MD"},"content":{"rendered":"<p>Dr. Mareike Prinz, specialist in dermatology and venereology, completed her training in Zurich, Kiel, Vienna and Chicago and has been working as a dermatologist for more than 10 years. Fascinated by the skin and especially the hair, <a href=\"https:\/\/hautwerk.ch\/en\/concern\/hair-loss\/\">Hair loss<\/a> Dr. Prinz has been working at the House of Skin &amp; Laser Medicine for over two years.<\/p>\n\n\n\n<figure class=\"wp-block-image\"><img decoding=\"async\" src=\"https:\/\/hautwerk.ch\/wp-content\/uploads\/2022\/12\/Akne_0003_Dr_Prinz_2-1024x1024.jpg\" alt=\"\" class=\"wp-image-1237\"\/><figcaption class=\"wp-element-caption\">Dr. med. Mareike Prinz<\/figcaption><\/figure>\n\n\n\n<p>After her medical studies at the Christian-Albrechts-University in Kiel (D) and the Medical University of Vienna (A), Dr. Prinz came to Zurich to complete her residency in dermatology and venereology at the University Hospital Zurich. During this time, she assisted in many of Prof. K\u00fcndig's allergology studies. This was followed by a research stay in Chicago at Northwestern University (USA). During this stay, Dr. Prinz researched the field of skin lymphomas. Since 2009, she has been in private practice and working in various practices, first in Oerlikon (practice \"Haut und Licht\", Center for Light Therapies) and since May 2017 in the practice of Dr. R\u00fcmmelein AG in Zurich-Enge. In recent years, she was able to deepen her training in the field of aesthetic medicine with Dr. R\u00fcmmelein and she obtained the certificate of competence for laser treatments of the skin. In addition to general dermatology, Dr. Prinz is particularly interested in hair and scalp diseases. She was able to further deepen this field of interest by training with Prof. Tr\u00fceb at the University Hospital of Zurich. <\/p>\n\n\n\n<figure class=\"wp-block-image\"><img decoding=\"async\" src=\"https:\/\/hautwerk.ch\/wp-content\/uploads\/2022\/12\/Hautkrebsvorsorge-MP.jpg\" alt=\"\" class=\"wp-image-1238\"\/><figcaption class=\"wp-element-caption\">Dr. Prinz during a skin cancer screening<\/figcaption><\/figure>\n\n\n\n<p>Dr. Prinz is the author of numerous\nscientific articles and reference books, e.g. \"80 F\u00e4lle Dermatologie\" (a\ntextbook for exam preparation). In addition, she is co-author of the textbook \"Intensivkurs\nDermatology (Allergic and irritative or toxically triggered diseases)\",\nas well as the books \"Psoriasis and Psoriatic Arthritis\" and \"Physical\nTherapy Measures in Dermatology\". <\/p>","protected":false},"excerpt":{"rendered":"<p>Frau Dr. Mareike Prinz, Fach\u00e4rztin f\u00fcr Dermatologie und Venerologie, hat ihre Ausbildung in Z\u00fcrich, Kiel, Wien und Chicago absolviert und ist seit mehr als 10 Jahren als Dermatologin t\u00e4tig. Fasziniert von der Haut und besonders den Haaren, Haarausfall und Kopfhauterkrankungen ist Frau Dr. Prinz seit \u00fcber zwei Jahren im House of Skin &amp; Laser Medicine [&hellip;]<\/p>\n","protected":false},"author":15,"featured_media":2083,"comment_status":"open","ping_status":"open","sticky":false,"template":"","format":"standard","meta":{"_acf_changed":false,"footnotes":""},"categories":[1],"tags":[772],"class_list":["post-2082","post","type-post","status-publish","format-standard","has-post-thumbnail","hentry","category-allgemein","tag-nachricht"],"acf":[],"yoast_head":"<!-- This site is optimized with the Yoast SEO Premium plugin v26.4 (Yoast SEO v27.3) - https:\/\/yoast.com\/product\/yoast-seo-premium-wordpress\/ -->\n<title>Wir stellen uns vor: Dr. med. Mareike Prinz : Hautwerk<\/title>\n<meta name=\"robots\" content=\"index, follow, max-snippet:-1, max-image-preview:large, max-video-preview:-1\" \/>\n<link rel=\"canonical\" href=\"https:\/\/hautwerk.ch\/en\/blog\/we-introduce-ourselves-dr-med-mareike-prinz\/\" \/>\n<meta property=\"og:locale\" content=\"en_US\" \/>\n<meta property=\"og:type\" content=\"article\" \/>\n<meta property=\"og:title\" content=\"Wir stellen uns vor: Dr. med. Mareike Prinz\" \/>\n<meta property=\"og:description\" content=\"Frau Dr. Mareike Prinz, Fach\u00e4rztin f\u00fcr Dermatologie und Venerologie, hat ihre Ausbildung in Z\u00fcrich, Kiel, Wien und Chicago absolviert und ist seit mehr als 10 Jahren als Dermatologin t\u00e4tig. Fasziniert von der Haut und besonders den Haaren, Haarausfall und Kopfhauterkrankungen ist Frau Dr. Prinz seit \u00fcber zwei Jahren im House of Skin &amp; Laser Medicine [&hellip;]\" \/>\n<meta property=\"og:url\" content=\"https:\/\/hautwerk.ch\/en\/blog\/we-introduce-ourselves-dr-med-mareike-prinz\/\" \/>\n<meta property=\"og:site_name\" content=\"Hautwerk\" \/>\n<meta property=\"article:published_time\" content=\"2019-07-23T00:00:56+00:00\" \/>\n<meta property=\"article:modified_time\" content=\"2024-02-26T14:48:59+00:00\" \/>\n<meta property=\"og:image\" content=\"https:\/\/hautwerk.ch\/wp-content\/uploads\/2022\/12\/Akne_0003_Dr_Prinz_2.jpg\" \/>\n\t<meta property=\"og:image:width\" content=\"1080\" \/>\n\t<meta property=\"og:image:height\" content=\"1080\" \/>\n\t<meta property=\"og:image:type\" content=\"image\/jpeg\" \/>\n<meta name=\"author\" content=\"Stipan Maric\" \/>\n<meta name=\"twitter:card\" content=\"summary_large_image\" \/>\n<meta name=\"twitter:label1\" content=\"Written by\" \/>\n\t<meta name=\"twitter:data1\" content=\"Stipan Maric\" \/>\n\t<meta name=\"twitter:label2\" content=\"Est. reading time\" \/>\n\t<meta name=\"twitter:data2\" content=\"3 minutes\" \/>\n<!-- \/ Yoast SEO Premium plugin. -->","yoast_head_json":{"title":"We introduce ourselves: Dr. med. Mareike Prinz : Hautwerk","robots":{"index":"index","follow":"follow","max-snippet":"max-snippet:-1","max-image-preview":"max-image-preview:large","max-video-preview":"max-video-preview:-1"},"canonical":"https:\/\/hautwerk.ch\/en\/blog\/we-introduce-ourselves-dr-med-mareike-prinz\/","og_locale":"en_US","og_type":"article","og_title":"Wir stellen uns vor: Dr. med. Mareike Prinz","og_description":"Frau Dr. Mareike Prinz, Fach\u00e4rztin f\u00fcr Dermatologie und Venerologie, hat ihre Ausbildung in Z\u00fcrich, Kiel, Wien und Chicago absolviert und ist seit mehr als 10 Jahren als Dermatologin t\u00e4tig. Fasziniert von der Haut und besonders den Haaren, Haarausfall und Kopfhauterkrankungen ist Frau Dr. Prinz seit \u00fcber zwei Jahren im House of Skin &amp; Laser Medicine [&hellip;]","og_url":"https:\/\/hautwerk.ch\/en\/blog\/we-introduce-ourselves-dr-med-mareike-prinz\/","og_site_name":"Hautwerk","article_published_time":"2019-07-23T00:00:56+00:00","article_modified_time":"2024-02-26T14:48:59+00:00","og_image":[{"width":1080,"height":1080,"url":"https:\/\/hautwerk.ch\/wp-content\/uploads\/2022\/12\/Akne_0003_Dr_Prinz_2.jpg","type":"image\/jpeg"}],"author":"Stipan Maric","twitter_card":"summary_large_image","twitter_misc":{"Written by":"Stipan Maric","Est. reading time":"3 minutes"},"schema":{"@context":"https:\/\/schema.org","@graph":[{"@type":"Article","@id":"https:\/\/hautwerk.ch\/blog\/wir-stellen-uns-vor-dr-med-mareike-prinz\/#article","isPartOf":{"@id":"https:\/\/hautwerk.ch\/blog\/wir-stellen-uns-vor-dr-med-mareike-prinz\/"},"author":{"name":"Stipan Maric","@id":"https:\/\/hautwerk.ch\/#\/schema\/person\/f6e4a7e479f0ebf8d7ef8fa537a391a0"},"headline":"Wir stellen uns vor: Dr. med. Mareike Prinz","datePublished":"2019-07-23T00:00:56+00:00","dateModified":"2024-02-26T14:48:59+00:00","mainEntityOfPage":{"@id":"https:\/\/hautwerk.ch\/blog\/wir-stellen-uns-vor-dr-med-mareike-prinz\/"},"wordCount":301,"commentCount":0,"publisher":{"@id":"https:\/\/hautwerk.ch\/#organization"},"image":{"@id":"https:\/\/hautwerk.ch\/blog\/wir-stellen-uns-vor-dr-med-mareike-prinz\/#primaryimage"},"thumbnailUrl":"https:\/\/hautwerk.ch\/wp-content\/uploads\/2022\/12\/Akne_0003_Dr_Prinz_2.jpg","keywords":["Nachricht"],"articleSection":["Allgemein"],"inLanguage":"en-US","potentialAction":[{"@type":"CommentAction","name":"Comment","target":["https:\/\/hautwerk.ch\/blog\/wir-stellen-uns-vor-dr-med-mareike-prinz\/#respond"]}]},{"@type":"WebPage","@id":"https:\/\/hautwerk.ch\/blog\/wir-stellen-uns-vor-dr-med-mareike-prinz\/","url":"https:\/\/hautwerk.ch\/blog\/wir-stellen-uns-vor-dr-med-mareike-prinz\/","name":"We introduce ourselves: Dr. med. Mareike Prinz : Hautwerk","isPartOf":{"@id":"https:\/\/hautwerk.ch\/#website"},"primaryImageOfPage":{"@id":"https:\/\/hautwerk.ch\/blog\/wir-stellen-uns-vor-dr-med-mareike-prinz\/#primaryimage"},"image":{"@id":"https:\/\/hautwerk.ch\/blog\/wir-stellen-uns-vor-dr-med-mareike-prinz\/#primaryimage"},"thumbnailUrl":"https:\/\/hautwerk.ch\/wp-content\/uploads\/2022\/12\/Akne_0003_Dr_Prinz_2.jpg","datePublished":"2019-07-23T00:00:56+00:00","dateModified":"2024-02-26T14:48:59+00:00","breadcrumb":{"@id":"https:\/\/hautwerk.ch\/blog\/wir-stellen-uns-vor-dr-med-mareike-prinz\/#breadcrumb"},"inLanguage":"en-US","potentialAction":[{"@type":"ReadAction","target":["https:\/\/hautwerk.ch\/blog\/wir-stellen-uns-vor-dr-med-mareike-prinz\/"]}]},{"@type":"ImageObject","inLanguage":"en-US","@id":"https:\/\/hautwerk.ch\/blog\/wir-stellen-uns-vor-dr-med-mareike-prinz\/#primaryimage","url":"https:\/\/hautwerk.ch\/wp-content\/uploads\/2022\/12\/Akne_0003_Dr_Prinz_2.jpg","contentUrl":"https:\/\/hautwerk.ch\/wp-content\/uploads\/2022\/12\/Akne_0003_Dr_Prinz_2.jpg","width":1080,"height":1080},{"@type":"BreadcrumbList","@id":"https:\/\/hautwerk.ch\/blog\/wir-stellen-uns-vor-dr-med-mareike-prinz\/#breadcrumb","itemListElement":[{"@type":"ListItem","position":1,"name":"Home","item":"https:\/\/hautwerk.ch\/"},{"@type":"ListItem","position":2,"name":"Wir stellen uns vor: Dr. med. Mareike Prinz"}]},{"@type":"WebSite","@id":"https:\/\/hautwerk.ch\/#website","url":"https:\/\/hautwerk.ch\/","name":"Hautarzt Z\u00fcrich","description":"Special clinic for dermatology and laser medicine","publisher":{"@id":"https:\/\/hautwerk.ch\/#organization"},"potentialAction":[{"@type":"SearchAction","target":{"@type":"EntryPoint","urlTemplate":"https:\/\/hautwerk.ch\/?s={search_term_string}"},"query-input":{"@type":"PropertyValueSpecification","valueRequired":true,"valueName":"search_term_string"}}],"inLanguage":"en-US"},{"@type":"Organization","@id":"https:\/\/hautwerk.ch\/#organization","name":"Hautarzt Z\u00fcrich","alternateName":"Hautwerk","url":"https:\/\/hautwerk.ch\/","logo":{"@type":"ImageObject","inLanguage":"en-US","@id":"https:\/\/hautwerk.ch\/#\/schema\/logo\/image\/","url":"https:\/\/hautwerk.ch\/wp-content\/uploads\/2022\/09\/Fav-2-F-3.png","contentUrl":"https:\/\/hautwerk.ch\/wp-content\/uploads\/2022\/09\/Fav-2-F-3.png","width":500,"height":500,"caption":"Hautarzt Z\u00fcrich"},"image":{"@id":"https:\/\/hautwerk.ch\/#\/schema\/logo\/image\/"},"sameAs":["https:\/\/www.instagram.com\/hautwerk.ch\/","https:\/\/www.linkedin.com\/company\/hautwerk-ch\/"]},{"@type":"Person","@id":"https:\/\/hautwerk.ch\/#\/schema\/person\/f6e4a7e479f0ebf8d7ef8fa537a391a0","name":"Stipan Maric","url":"https:\/\/hautwerk.ch\/en\/author\/sm\/"}]}},"_links":{"self":[{"href":"https:\/\/hautwerk.ch\/en\/wp-json\/wp\/v2\/posts\/2082","targetHints":{"allow":["GET"]}}],"collection":[{"href":"https:\/\/hautwerk.ch\/en\/wp-json\/wp\/v2\/posts"}],"about":[{"href":"https:\/\/hautwerk.ch\/en\/wp-json\/wp\/v2\/types\/post"}],"author":[{"embeddable":true,"href":"https:\/\/hautwerk.ch\/en\/wp-json\/wp\/v2\/users\/15"}],"replies":[{"embeddable":true,"href":"https:\/\/hautwerk.ch\/en\/wp-json\/wp\/v2\/comments?post=2082"}],"version-history":[{"count":0,"href":"https:\/\/hautwerk.ch\/en\/wp-json\/wp\/v2\/posts\/2082\/revisions"}],"wp:featuredmedia":[{"embeddable":true,"href":"https:\/\/hautwerk.ch\/en\/wp-json\/wp\/v2\/media\/2083"}],"wp:attachment":[{"href":"https:\/\/hautwerk.ch\/en\/wp-json\/wp\/v2\/media?parent=2082"}],"wp:term":[{"taxonomy":"category","embeddable":true,"href":"https:\/\/hautwerk.ch\/en\/wp-json\/wp\/v2\/categories?post=2082"},{"taxonomy":"post_tag","embeddable":true,"href":"https:\/\/hautwerk.ch\/en\/wp-json\/wp\/v2\/tags?post=2082"}],"curies":[{"name":"wp","href":"https:\/\/api.w.org\/{rel}","templated":true}]}}