{"id":2145,"date":"2019-09-03T02:00:07","date_gmt":"2019-09-03T00:00:07","guid":{"rendered":"https:\/\/hautwerk.ch\/akne-werde-ich-das-wirklich-los\/"},"modified":"2024-02-26T16:03:08","modified_gmt":"2024-02-26T15:03:08","slug":"acne-can-i-really-get-rid-of-this","status":"publish","type":"post","link":"https:\/\/hautwerk.ch\/en\/blog\/acne-can-i-really-get-rid-of-this\/","title":{"rendered":"Acne - can I really get rid of it?"},"content":{"rendered":"<p>While acne used to be a more or less harmless adolescent disease, today patients also visit us in their middle age. Even 50-year-olds with still active acne are not rare. The spectrum of therapeutic options has expanded and the guidelines for classic acne therapy are no longer the same as they were 20 years ago. Since the pimples and pustules mostly affect the face, acne can cause constant psychological stress and strain, which in turn promotes the formation of pimples - a vicious circle. <\/p>\n\n\n\n<p>As the disease is chronic and usually relapsing, long-term therapy is essential. There are various studies that provide us with information about the frequency of the disease: <\/p>\n\n\n\n<ul class=\"wp-block-list\">\n<li>In Germany, 70 - 80% of all adolescents have acne of varying severity.<\/li>\n\n\n\n<li>In a French study, the prevalence of acne in 24- to 40-year-olds was 41%. <\/li>\n\n\n\n<li>In a British population study of women over the age of 25, the prevalence of acne was 54%. Late acne, i.e. acne in adulthood, affects more women than men.<\/li>\n<\/ul>\n\n\n\n<p>Appropriate acne treatment is always individually tailored to the skin and designed after a thorough examination of the skin condition. Manual cleansing, light therapies and special medications can help. In addition, adjustments in the care routine or in the general lifestyle may also be necessary to get rid of the annoying pimples.<\/p>\n\n\n\n<figure class=\"wp-block-image size-large is-resized\"><img decoding=\"async\" src=\"https:\/\/hautwerk.ch\/wp-content\/uploads\/2022\/12\/Akne2-scaled.jpg\" alt=\"Close-up of an acne\" class=\"wp-image-1931\" style=\"width:426px;height:426px\"\/><\/figure>\n\n\n\n<p><\/p>\n\n\n\n<h2 class=\"wp-block-heading\" id=\"h-was-ist-akne\">What is acne?<\/h2>\n\n\n\n<p>Acne is a collective term for diseases of the sebaceous glands and hair follicles, which manifest themselves as pimples, pustules and blackheads. <\/p>\n\n\n\n<p>The sebaceous glands become keratinized and can become blocked, causing the sebum to build up. If more propionibacteria enter the sebaceous gland, an inflammation can develop, which is perceived as a pimple. <\/p>\n\n\n\n<p>If these inflammations are treated unprofessionally or the pimples themselves are squeezed out, acne scars can also occur in severe cases because the connective tissue of the skin is destroyed and \"skin craters\" become visible. It is therefore always better to have acne assessed by a dermatologist.<\/p>\n\n\n\n<h2 class=\"wp-block-heading\" id=\"h-behandlung-was-hilft-gegen-akne\">Treatment: What helps against acne?<\/h2>\n\n\n\n<p>Mild acne or isolated pimples can often be controlled with a suitable cream or regular washing of the face. It is important never to squeeze the pimples yourself! This increases the likelihood of developing acne scars. At Hautwerk, we offer professional cleanses and facials that will help you with mild acne.<\/p>\n\n\n\n<p>Medicinal agents can be used to treat milder forms of acne particularly well. Efficient active ingredients such as antibiotics, retinoids, salicylic acid or benzoyl peroxide can inhibit inflammation and fight bacteria. These drugs can be found in various forms, from tablets to ointments. For the perfect choice, we will advise you on this on a case-by-case basis.<\/p>\n\n\n\n<p>In the case of persistent acne, major measures are often required, and individual therapy is necessary for each affected person. The therapy is selected according to the severity of the acne, the skin type and the drug tolerance. Light therapies are suitable as gentle and non-invasive treatments for moderate to severe acne. In our practice, we use three different light therapies:<\/p>\n\n\n\n<ul class=\"wp-block-list\">\n<li>The <a href=\"https:\/\/hautwerk.ch\/en\/treatments\/cleresca\/\">Kleresca\u00ae Bio-Photonic<\/a> is a treatment with a unique light conversion system that uses multi-wavelength LED light in combination with a special photoconversion gel to allow the light to work deep within the skin. It helps to destroy acne bacteria and, by stimulating collagen production, initiates the healing of <a href=\"https:\/\/hautwerk.ch\/en\/concern\/acne-scars\/\">Acne scars<\/a> in.<\/li>\n\n\n\n<li>ACePlus treatment (photodynamic acne therapy) combines three different ranges of wavelengths or techniques that kill acne bacteria, reduce sebum production and stimulate the skin's healing processes.<\/li>\n\n\n\n<li>Celluma LED therapy also allows treatment with three different wavelengths, fighting acne bacteria, decongesting inflammation and promoting wound healing.<\/li>\n<\/ul>\n\n\n\n<p>The <a href=\"https:\/\/hautwerk.ch\/en\/treatments\/led-light-therapy\/\">Light therapies<\/a> can often be combined with a medicinal treatment (e.g. isotretinoin) to achieve optimum results. We will also give you professional advice on your daily skincare routine and explain how you can avoid any contraindicated products.<\/p>\n\n\n\n<figure class=\"wp-block-image is-resized\"><img decoding=\"async\" src=\"https:\/\/hautwerk.ch\/wp-content\/uploads\/2022\/12\/Foto-26.04.16-16-02-03-scaled.jpg\" alt=\"Clereca treatment for acne\" class=\"wp-image-1307\" style=\"width:840px;height:840px\"\/><figcaption class=\"wp-element-caption\"><em>Clereca treatment for acne<\/em><\/figcaption><\/figure>\n\n\n\n<p><\/p>\n\n\n\n<h2 class=\"wp-block-heading\" id=\"h-was-kann-man-selbst-gegen-akne-unternehmen\">What can you do yourself against acne?<\/h2>\n\n\n\n<p class=\"has-text-align-left\">Smoking can promote acne and should therefore be avoided. Avoid foods with a high glycemic index and dairy products. These can lead to nutritionally elevated insulin and IGF-1 releases, which in turn can promote seborrhea and keratinization in the follicle. Snacks in between meals and break snacks should be avoided. Likewise, sugared beverages should be completely avoided.<\/p>\n\n\n\n<p>For the\ncountless preparations are available for therapy. The art is to analyze the\nindividual problem and to initiate a consistent therapy that is appropriate for the\ntherapy appropriate to the skin type.<\/p>\n\n\n\n<p>What should\nyou need to know here?<\/p>\n\n\n\n<ul class=\"wp-block-list\">\n<li>Therapy with tablets should be performed only in severe forms of acne.<\/li>\n\n\n\n<li>UV rays improve acne, but should no longer be used because of the unfavorable risk-benefit profile. So: No high-altitude sun for acne!<\/li>\n\n\n\n<li>Antibiotics should be used with great caution because bacterial resistance can render therapy ineffective over time.<\/li>\n\n\n\n<li>The prescription of isotretinoin is reserved for severe forms of acne. For women, a pregnancy test before taking the tablets and strict double contraception during the period of use are essential. <\/li>\n\n\n\n<li>Alternatively, or in case of failure of classical therapy, a special light therapy can be applied. This biophotonic therapy called <em>Kleresca<\/em> has been able to deliver convincing results several times in recent years. Our practice has been performing the therapy since May 2016. More than 2500 treatments have been performed in the meantime.<\/li>\n<\/ul>\n\n\n\n<p><a href=\"https:\/\/hautwerk.ch\/en\/concern\/acne\/\" target=\"_blank\" rel=\"noreferrer noopener\">More information on the treatment of acne<\/a><\/p>","protected":false},"excerpt":{"rendered":"<p>W\u00e4hrend Akne fr\u00fcher eine mehr oder minder harmlose Pubert\u00e4tskrankheit war, suchen uns heute auch Patienten in ihrem mittleren Alter auf. Auch 50-J\u00e4hrige mit einer noch immer aktiven Akne sind keine Seltenheilt. Das Spektrum der Therapiem\u00f6glichkeiten hat sich erweitert und auch die Guidelines der klassischen Aknetherapie sind nicht mehr dieselben wie noch vor 20 Jahren. Da [&hellip;]<\/p>\n","protected":false},"author":6,"featured_media":2146,"comment_status":"open","ping_status":"open","sticky":false,"template":"","format":"standard","meta":{"_acf_changed":false,"footnotes":""},"categories":[1],"tags":[593],"class_list":["post-2145","post","type-post","status-publish","format-standard","has-post-thumbnail","hentry","category-allgemein","tag-akne-tag"],"acf":[],"yoast_head":"<!-- This site is optimized with the Yoast SEO Premium plugin v26.4 (Yoast SEO v27.3) - https:\/\/yoast.com\/product\/yoast-seo-premium-wordpress\/ -->\n<title>Akne \u2013 werde ich das wirklich los? : Hautwerk<\/title>\n<meta name=\"robots\" content=\"index, follow, max-snippet:-1, max-image-preview:large, max-video-preview:-1\" \/>\n<link rel=\"canonical\" href=\"https:\/\/hautwerk.ch\/en\/blog\/acne-can-i-really-get-rid-of-this\/\" \/>\n<meta property=\"og:locale\" content=\"en_US\" \/>\n<meta property=\"og:type\" content=\"article\" \/>\n<meta property=\"og:title\" content=\"Akne \u2013 werde ich das wirklich los?\" \/>\n<meta property=\"og:description\" content=\"W\u00e4hrend Akne fr\u00fcher eine mehr oder minder harmlose Pubert\u00e4tskrankheit war, suchen uns heute auch Patienten in ihrem mittleren Alter auf. Auch 50-J\u00e4hrige mit einer noch immer aktiven Akne sind keine Seltenheilt. Das Spektrum der Therapiem\u00f6glichkeiten hat sich erweitert und auch die Guidelines der klassischen Aknetherapie sind nicht mehr dieselben wie noch vor 20 Jahren. Da [&hellip;]\" \/>\n<meta property=\"og:url\" content=\"https:\/\/hautwerk.ch\/en\/blog\/acne-can-i-really-get-rid-of-this\/\" \/>\n<meta property=\"og:site_name\" content=\"Hautwerk\" \/>\n<meta property=\"article:published_time\" content=\"2019-09-03T00:00:07+00:00\" \/>\n<meta property=\"article:modified_time\" content=\"2024-02-26T15:03:08+00:00\" \/>\n<meta property=\"og:image\" content=\"https:\/\/hautwerk.ch\/wp-content\/uploads\/2022\/12\/IP_2_0007_Aknenarbe-2-Auflosung.jpg\" \/>\n\t<meta property=\"og:image:width\" content=\"1000\" \/>\n\t<meta property=\"og:image:height\" content=\"918\" \/>\n\t<meta property=\"og:image:type\" content=\"image\/jpeg\" \/>\n<meta name=\"author\" content=\"Dr. med. (I) Ikonija Koceva\" \/>\n<meta name=\"twitter:card\" content=\"summary_large_image\" \/>\n<meta name=\"twitter:label1\" content=\"Written by\" \/>\n\t<meta name=\"twitter:data1\" content=\"Dr. med. (I) Ikonija Koceva\" \/>\n\t<meta name=\"twitter:label2\" content=\"Est. reading time\" \/>\n\t<meta name=\"twitter:data2\" content=\"6 minutes\" \/>\n<!-- \/ Yoast SEO Premium plugin. -->","yoast_head_json":{"title":"Acne - can I really get rid of it? : Skin work","robots":{"index":"index","follow":"follow","max-snippet":"max-snippet:-1","max-image-preview":"max-image-preview:large","max-video-preview":"max-video-preview:-1"},"canonical":"https:\/\/hautwerk.ch\/en\/blog\/acne-can-i-really-get-rid-of-this\/","og_locale":"en_US","og_type":"article","og_title":"Akne \u2013 werde ich das wirklich los?","og_description":"W\u00e4hrend Akne fr\u00fcher eine mehr oder minder harmlose Pubert\u00e4tskrankheit war, suchen uns heute auch Patienten in ihrem mittleren Alter auf. Auch 50-J\u00e4hrige mit einer noch immer aktiven Akne sind keine Seltenheilt. Das Spektrum der Therapiem\u00f6glichkeiten hat sich erweitert und auch die Guidelines der klassischen Aknetherapie sind nicht mehr dieselben wie noch vor 20 Jahren. Da [&hellip;]","og_url":"https:\/\/hautwerk.ch\/en\/blog\/acne-can-i-really-get-rid-of-this\/","og_site_name":"Hautwerk","article_published_time":"2019-09-03T00:00:07+00:00","article_modified_time":"2024-02-26T15:03:08+00:00","og_image":[{"width":1000,"height":918,"url":"https:\/\/hautwerk.ch\/wp-content\/uploads\/2022\/12\/IP_2_0007_Aknenarbe-2-Auflosung.jpg","type":"image\/jpeg"}],"author":"Dr. med. (I) Ikonija Koceva","twitter_card":"summary_large_image","twitter_misc":{"Written by":"Dr. med. (I) Ikonija Koceva","Est. reading time":"6 minutes"},"schema":{"@context":"https:\/\/schema.org","@graph":[{"@type":"Article","@id":"https:\/\/hautwerk.ch\/blog\/akne-werde-ich-das-wirklich-los\/#article","isPartOf":{"@id":"https:\/\/hautwerk.ch\/blog\/akne-werde-ich-das-wirklich-los\/"},"author":{"name":"Dr. med. (I) Ikonija Koceva","@id":"https:\/\/hautwerk.ch\/#\/schema\/person\/2d34435fd1f36f642eda684d8d02071b"},"headline":"Akne \u2013 werde ich das wirklich los?","datePublished":"2019-09-03T00:00:07+00:00","dateModified":"2024-02-26T15:03:08+00:00","mainEntityOfPage":{"@id":"https:\/\/hautwerk.ch\/blog\/akne-werde-ich-das-wirklich-los\/"},"wordCount":898,"commentCount":0,"publisher":{"@id":"https:\/\/hautwerk.ch\/#organization"},"image":{"@id":"https:\/\/hautwerk.ch\/blog\/akne-werde-ich-das-wirklich-los\/#primaryimage"},"thumbnailUrl":"https:\/\/hautwerk.ch\/wp-content\/uploads\/2022\/12\/IP_2_0007_Aknenarbe-2-Auflosung.jpg","keywords":["Akne"],"articleSection":["Allgemein"],"inLanguage":"en-US","potentialAction":[{"@type":"CommentAction","name":"Comment","target":["https:\/\/hautwerk.ch\/blog\/akne-werde-ich-das-wirklich-los\/#respond"]}]},{"@type":"WebPage","@id":"https:\/\/hautwerk.ch\/blog\/akne-werde-ich-das-wirklich-los\/","url":"https:\/\/hautwerk.ch\/blog\/akne-werde-ich-das-wirklich-los\/","name":"Acne - can I really get rid of it? : Skin work","isPartOf":{"@id":"https:\/\/hautwerk.ch\/#website"},"primaryImageOfPage":{"@id":"https:\/\/hautwerk.ch\/blog\/akne-werde-ich-das-wirklich-los\/#primaryimage"},"image":{"@id":"https:\/\/hautwerk.ch\/blog\/akne-werde-ich-das-wirklich-los\/#primaryimage"},"thumbnailUrl":"https:\/\/hautwerk.ch\/wp-content\/uploads\/2022\/12\/IP_2_0007_Aknenarbe-2-Auflosung.jpg","datePublished":"2019-09-03T00:00:07+00:00","dateModified":"2024-02-26T15:03:08+00:00","breadcrumb":{"@id":"https:\/\/hautwerk.ch\/blog\/akne-werde-ich-das-wirklich-los\/#breadcrumb"},"inLanguage":"en-US","potentialAction":[{"@type":"ReadAction","target":["https:\/\/hautwerk.ch\/blog\/akne-werde-ich-das-wirklich-los\/"]}]},{"@type":"ImageObject","inLanguage":"en-US","@id":"https:\/\/hautwerk.ch\/blog\/akne-werde-ich-das-wirklich-los\/#primaryimage","url":"https:\/\/hautwerk.ch\/wp-content\/uploads\/2022\/12\/IP_2_0007_Aknenarbe-2-Auflosung.jpg","contentUrl":"https:\/\/hautwerk.ch\/wp-content\/uploads\/2022\/12\/IP_2_0007_Aknenarbe-2-Auflosung.jpg","width":1000,"height":918},{"@type":"BreadcrumbList","@id":"https:\/\/hautwerk.ch\/blog\/akne-werde-ich-das-wirklich-los\/#breadcrumb","itemListElement":[{"@type":"ListItem","position":1,"name":"Home","item":"https:\/\/hautwerk.ch\/"},{"@type":"ListItem","position":2,"name":"Akne \u2013 werde ich das wirklich los?"}]},{"@type":"WebSite","@id":"https:\/\/hautwerk.ch\/#website","url":"https:\/\/hautwerk.ch\/","name":"Hautarzt Z\u00fcrich","description":"Special clinic for dermatology and laser medicine","publisher":{"@id":"https:\/\/hautwerk.ch\/#organization"},"potentialAction":[{"@type":"SearchAction","target":{"@type":"EntryPoint","urlTemplate":"https:\/\/hautwerk.ch\/?s={search_term_string}"},"query-input":{"@type":"PropertyValueSpecification","valueRequired":true,"valueName":"search_term_string"}}],"inLanguage":"en-US"},{"@type":"Organization","@id":"https:\/\/hautwerk.ch\/#organization","name":"Hautarzt Z\u00fcrich","alternateName":"Hautwerk","url":"https:\/\/hautwerk.ch\/","logo":{"@type":"ImageObject","inLanguage":"en-US","@id":"https:\/\/hautwerk.ch\/#\/schema\/logo\/image\/","url":"https:\/\/hautwerk.ch\/wp-content\/uploads\/2022\/09\/Fav-2-F-3.png","contentUrl":"https:\/\/hautwerk.ch\/wp-content\/uploads\/2022\/09\/Fav-2-F-3.png","width":500,"height":500,"caption":"Hautarzt Z\u00fcrich"},"image":{"@id":"https:\/\/hautwerk.ch\/#\/schema\/logo\/image\/"},"sameAs":["https:\/\/www.instagram.com\/hautwerk.ch\/","https:\/\/www.linkedin.com\/company\/hautwerk-ch\/"]},{"@type":"Person","@id":"https:\/\/hautwerk.ch\/#\/schema\/person\/2d34435fd1f36f642eda684d8d02071b","name":"Dr. med. (I) Ikonija Koceva","url":"https:\/\/hautwerk.ch\/en\/author\/ik\/"}]}},"_links":{"self":[{"href":"https:\/\/hautwerk.ch\/en\/wp-json\/wp\/v2\/posts\/2145","targetHints":{"allow":["GET"]}}],"collection":[{"href":"https:\/\/hautwerk.ch\/en\/wp-json\/wp\/v2\/posts"}],"about":[{"href":"https:\/\/hautwerk.ch\/en\/wp-json\/wp\/v2\/types\/post"}],"author":[{"embeddable":true,"href":"https:\/\/hautwerk.ch\/en\/wp-json\/wp\/v2\/users\/6"}],"replies":[{"embeddable":true,"href":"https:\/\/hautwerk.ch\/en\/wp-json\/wp\/v2\/comments?post=2145"}],"version-history":[{"count":0,"href":"https:\/\/hautwerk.ch\/en\/wp-json\/wp\/v2\/posts\/2145\/revisions"}],"wp:featuredmedia":[{"embeddable":true,"href":"https:\/\/hautwerk.ch\/en\/wp-json\/wp\/v2\/media\/2146"}],"wp:attachment":[{"href":"https:\/\/hautwerk.ch\/en\/wp-json\/wp\/v2\/media?parent=2145"}],"wp:term":[{"taxonomy":"category","embeddable":true,"href":"https:\/\/hautwerk.ch\/en\/wp-json\/wp\/v2\/categories?post=2145"},{"taxonomy":"post_tag","embeddable":true,"href":"https:\/\/hautwerk.ch\/en\/wp-json\/wp\/v2\/tags?post=2145"}],"curies":[{"name":"wp","href":"https:\/\/api.w.org\/{rel}","templated":true}]}}