{"id":2233,"date":"2020-01-28T02:00:00","date_gmt":"2020-01-28T01:00:00","guid":{"rendered":"https:\/\/hautwerk.ch\/haut-waehrend-der-schwangerschaft\/"},"modified":"2024-03-22T16:30:05","modified_gmt":"2024-03-22T15:30:05","slug":"skin-during-pregnancy","status":"publish","type":"post","link":"https:\/\/hautwerk.ch\/en\/blog\/skin-during-pregnancy\/","title":{"rendered":"Skin during pregnancy"},"content":{"rendered":"<p><strong>During pregnancy, basically anything is possible: some women get the most beautiful peach skin, while others get severe acne due to pregnancy hormones. So care during pregnancy must adapt to the \"new circumstances\". <\/strong><\/p>\n\n\n\n<p>When you think of skin changes during pregnancy, the first things that come to mind are <a href=\"https:\/\/hautwerk.ch\/en\/concern\/stretch-marks\/\">the stretch marks<\/a> because the growing baby bump puts the skin to the test. The skin on the stomach should therefore be regularly cared for with elasticity-promoting, rather rich products.<\/p>\n\n\n\n<p>Should stretch marks nevertheless occur, they can be treated with <a href=\"https:\/\/hautwerk.ch\/en\/treatments\/fractional-radiofrequency-therapy\/\">Radio frequency treatments<\/a> can be improved by approx. 50%. Please ask for individual advice.<\/p>\n\n\n\n<p>What is often not thought of, however, is the estrogen-induced promotion of melanin production, which can lead to dark spots. Pregnant women should therefore pay particular attention to thorough sun protection with creams and also hats.<\/p>\n\n\n\n<figure class=\"wp-block-image size-large\"><img decoding=\"async\" src=\"https:\/\/hautwerk.ch\/wp-content\/uploads\/2022\/12\/PE61_13.10.2014_links-1024x768.jpg\" alt=\"\" class=\"wp-image-1476\"\/><figcaption class=\"wp-element-caption\"><em> Estrogen-related promotion of melanin production can lead to dark spots.<\/em><\/figcaption><\/figure>\n\n\n\n<p>In particular the <a href=\"https:\/\/hautwerk.ch\/en\/concern\/melasma\/\">Melasma<\/a> usually does not disappear so easily on its own. Here too, there are now a number of effective treatment concepts that can be used after breastfeeding.<\/p>\n\n\n\n<p>A number of active ingredients must also not be used externally during pregnancy. These include most acne preparations, such as retinol, tretinoin or salicylic acid. If you become pregnant, please check all products for questionable ingredients and consult your doctor. Your dermatologist will be able to give you good and well-tolerated alternatives. An effective and also safe option during pregnancy is, for example, the <a href=\"https:\/\/hautwerk.ch\/en\/concern\/acne\/\">Acne treatment<\/a> with the <a href=\"https:\/\/hautwerk.ch\/en\/treatments\/led-light-therapy\/\">LED phototherapy<\/a>.<\/p>\n\n\n\n<figure class=\"wp-block-image size-large\"><img decoding=\"async\" src=\"https:\/\/hautwerk.ch\/wp-content\/uploads\/2022\/12\/Foto-26.04.16-16-02-03-1-scaled.jpg\" alt=\"\" class=\"wp-image-1475\"\/><figcaption class=\"wp-element-caption\"><em>LED phototherapy is a safe treatment method for acne even during pregnancy.<\/em><\/figcaption><\/figure>","protected":false},"excerpt":{"rendered":"<p>W\u00e4hrend einer Schwangerschaft ist grunds\u00e4tzlich alles m\u00f6glich: Einige Frauen bekommen die sch\u00f6nste Pfirsichhaut, andere hingegen bekommen durch die Schwangerschaftshormone eine starke Akne. Die Pflege in der Schwangerschaft muss sich also den \u00abneuen Umst\u00e4nden\u00bb anpassen. Wenn man an Hautver\u00e4nderungen in der Schwangerschaft denkt, fallen einem als erstes die Dehnungsstreifen ein, denn die wachsende Babykugel stellt die [&hellip;]<\/p>\n","protected":false},"author":4,"featured_media":2234,"comment_status":"closed","ping_status":"open","sticky":false,"template":"","format":"standard","meta":{"_acf_changed":false,"footnotes":""},"categories":[1],"tags":[761],"class_list":["post-2233","post","type-post","status-publish","format-standard","has-post-thumbnail","hentry","category-allgemein","tag-haut-tag"],"acf":[],"yoast_head":"<!-- This site is optimized with the Yoast SEO Premium plugin v26.4 (Yoast SEO v27.3) - https:\/\/yoast.com\/product\/yoast-seo-premium-wordpress\/ -->\n<title>Haut w\u00e4hrend der Schwangerschaft : Hautwerk<\/title>\n<meta name=\"robots\" content=\"index, follow, max-snippet:-1, max-image-preview:large, max-video-preview:-1\" \/>\n<link rel=\"canonical\" href=\"https:\/\/hautwerk.ch\/en\/blog\/skin-during-pregnancy\/\" \/>\n<meta property=\"og:locale\" content=\"en_US\" \/>\n<meta property=\"og:type\" content=\"article\" \/>\n<meta property=\"og:title\" content=\"Haut w\u00e4hrend der Schwangerschaft\" \/>\n<meta property=\"og:description\" content=\"W\u00e4hrend einer Schwangerschaft ist grunds\u00e4tzlich alles m\u00f6glich: Einige Frauen bekommen die sch\u00f6nste Pfirsichhaut, andere hingegen bekommen durch die Schwangerschaftshormone eine starke Akne. Die Pflege in der Schwangerschaft muss sich also den \u00abneuen Umst\u00e4nden\u00bb anpassen. Wenn man an Hautver\u00e4nderungen in der Schwangerschaft denkt, fallen einem als erstes die Dehnungsstreifen ein, denn die wachsende Babykugel stellt die [&hellip;]\" \/>\n<meta property=\"og:url\" content=\"https:\/\/hautwerk.ch\/en\/blog\/skin-during-pregnancy\/\" \/>\n<meta property=\"og:site_name\" content=\"Hautwerk\" \/>\n<meta property=\"article:published_time\" content=\"2020-01-28T01:00:00+00:00\" \/>\n<meta property=\"article:modified_time\" content=\"2024-03-22T15:30:05+00:00\" \/>\n<meta property=\"og:image\" content=\"https:\/\/hautwerk.ch\/wp-content\/uploads\/2022\/12\/PE61_13.10.2014_links.jpg\" \/>\n\t<meta property=\"og:image:width\" content=\"1440\" \/>\n\t<meta property=\"og:image:height\" content=\"1080\" \/>\n\t<meta property=\"og:image:type\" content=\"image\/jpeg\" \/>\n<meta name=\"author\" content=\"Dr. med. C. Bettina R\u00fcmmelein\" \/>\n<meta name=\"twitter:card\" content=\"summary_large_image\" \/>\n<meta name=\"twitter:label1\" content=\"Written by\" \/>\n\t<meta name=\"twitter:data1\" content=\"Dr. med. C. Bettina R\u00fcmmelein\" \/>\n\t<meta name=\"twitter:label2\" content=\"Est. reading time\" \/>\n\t<meta name=\"twitter:data2\" content=\"3 minutes\" \/>\n<!-- \/ Yoast SEO Premium plugin. -->","yoast_head_json":{"title":"Skin during pregnancy : Hautwerk","robots":{"index":"index","follow":"follow","max-snippet":"max-snippet:-1","max-image-preview":"max-image-preview:large","max-video-preview":"max-video-preview:-1"},"canonical":"https:\/\/hautwerk.ch\/en\/blog\/skin-during-pregnancy\/","og_locale":"en_US","og_type":"article","og_title":"Haut w\u00e4hrend der Schwangerschaft","og_description":"W\u00e4hrend einer Schwangerschaft ist grunds\u00e4tzlich alles m\u00f6glich: Einige Frauen bekommen die sch\u00f6nste Pfirsichhaut, andere hingegen bekommen durch die Schwangerschaftshormone eine starke Akne. Die Pflege in der Schwangerschaft muss sich also den \u00abneuen Umst\u00e4nden\u00bb anpassen. Wenn man an Hautver\u00e4nderungen in der Schwangerschaft denkt, fallen einem als erstes die Dehnungsstreifen ein, denn die wachsende Babykugel stellt die [&hellip;]","og_url":"https:\/\/hautwerk.ch\/en\/blog\/skin-during-pregnancy\/","og_site_name":"Hautwerk","article_published_time":"2020-01-28T01:00:00+00:00","article_modified_time":"2024-03-22T15:30:05+00:00","og_image":[{"width":1440,"height":1080,"url":"https:\/\/hautwerk.ch\/wp-content\/uploads\/2022\/12\/PE61_13.10.2014_links.jpg","type":"image\/jpeg"}],"author":"Dr. med. C. Bettina R\u00fcmmelein","twitter_card":"summary_large_image","twitter_misc":{"Written by":"Dr. med. C. Bettina R\u00fcmmelein","Est. reading time":"3 minutes"},"schema":{"@context":"https:\/\/schema.org","@graph":[{"@type":"Article","@id":"https:\/\/hautwerk.ch\/blog\/haut-waehrend-der-schwangerschaft\/#article","isPartOf":{"@id":"https:\/\/hautwerk.ch\/blog\/haut-waehrend-der-schwangerschaft\/"},"author":{"name":"Dr. med. C. Bettina R\u00fcmmelein","@id":"https:\/\/hautwerk.ch\/#\/schema\/person\/c41ca44ddd530620fb08bca182723d23"},"headline":"Haut w\u00e4hrend der Schwangerschaft","datePublished":"2020-01-28T01:00:00+00:00","dateModified":"2024-03-22T15:30:05+00:00","mainEntityOfPage":{"@id":"https:\/\/hautwerk.ch\/blog\/haut-waehrend-der-schwangerschaft\/"},"wordCount":286,"publisher":{"@id":"https:\/\/hautwerk.ch\/#organization"},"image":{"@id":"https:\/\/hautwerk.ch\/blog\/haut-waehrend-der-schwangerschaft\/#primaryimage"},"thumbnailUrl":"https:\/\/hautwerk.ch\/wp-content\/uploads\/2022\/12\/PE61_13.10.2014_links.jpg","keywords":["Haut"],"articleSection":["Allgemein"],"inLanguage":"en-US"},{"@type":"WebPage","@id":"https:\/\/hautwerk.ch\/blog\/haut-waehrend-der-schwangerschaft\/","url":"https:\/\/hautwerk.ch\/blog\/haut-waehrend-der-schwangerschaft\/","name":"Skin during pregnancy : Hautwerk","isPartOf":{"@id":"https:\/\/hautwerk.ch\/#website"},"primaryImageOfPage":{"@id":"https:\/\/hautwerk.ch\/blog\/haut-waehrend-der-schwangerschaft\/#primaryimage"},"image":{"@id":"https:\/\/hautwerk.ch\/blog\/haut-waehrend-der-schwangerschaft\/#primaryimage"},"thumbnailUrl":"https:\/\/hautwerk.ch\/wp-content\/uploads\/2022\/12\/PE61_13.10.2014_links.jpg","datePublished":"2020-01-28T01:00:00+00:00","dateModified":"2024-03-22T15:30:05+00:00","breadcrumb":{"@id":"https:\/\/hautwerk.ch\/blog\/haut-waehrend-der-schwangerschaft\/#breadcrumb"},"inLanguage":"en-US","potentialAction":[{"@type":"ReadAction","target":["https:\/\/hautwerk.ch\/blog\/haut-waehrend-der-schwangerschaft\/"]}]},{"@type":"ImageObject","inLanguage":"en-US","@id":"https:\/\/hautwerk.ch\/blog\/haut-waehrend-der-schwangerschaft\/#primaryimage","url":"https:\/\/hautwerk.ch\/wp-content\/uploads\/2022\/12\/PE61_13.10.2014_links.jpg","contentUrl":"https:\/\/hautwerk.ch\/wp-content\/uploads\/2022\/12\/PE61_13.10.2014_links.jpg","width":1440,"height":1080},{"@type":"BreadcrumbList","@id":"https:\/\/hautwerk.ch\/blog\/haut-waehrend-der-schwangerschaft\/#breadcrumb","itemListElement":[{"@type":"ListItem","position":1,"name":"Home","item":"https:\/\/hautwerk.ch\/"},{"@type":"ListItem","position":2,"name":"Haut w\u00e4hrend der Schwangerschaft"}]},{"@type":"WebSite","@id":"https:\/\/hautwerk.ch\/#website","url":"https:\/\/hautwerk.ch\/","name":"Hautarzt Z\u00fcrich","description":"Special clinic for dermatology and laser medicine","publisher":{"@id":"https:\/\/hautwerk.ch\/#organization"},"potentialAction":[{"@type":"SearchAction","target":{"@type":"EntryPoint","urlTemplate":"https:\/\/hautwerk.ch\/?s={search_term_string}"},"query-input":{"@type":"PropertyValueSpecification","valueRequired":true,"valueName":"search_term_string"}}],"inLanguage":"en-US"},{"@type":"Organization","@id":"https:\/\/hautwerk.ch\/#organization","name":"Hautarzt Z\u00fcrich","alternateName":"Hautwerk","url":"https:\/\/hautwerk.ch\/","logo":{"@type":"ImageObject","inLanguage":"en-US","@id":"https:\/\/hautwerk.ch\/#\/schema\/logo\/image\/","url":"https:\/\/hautwerk.ch\/wp-content\/uploads\/2022\/09\/Fav-2-F-3.png","contentUrl":"https:\/\/hautwerk.ch\/wp-content\/uploads\/2022\/09\/Fav-2-F-3.png","width":500,"height":500,"caption":"Hautarzt Z\u00fcrich"},"image":{"@id":"https:\/\/hautwerk.ch\/#\/schema\/logo\/image\/"},"sameAs":["https:\/\/www.instagram.com\/hautwerk.ch\/","https:\/\/www.linkedin.com\/company\/hautwerk-ch\/"]},{"@type":"Person","@id":"https:\/\/hautwerk.ch\/#\/schema\/person\/c41ca44ddd530620fb08bca182723d23","name":"Dr. med. C. Bettina R\u00fcmmelein","url":"https:\/\/hautwerk.ch\/en\/author\/br\/"}]}},"_links":{"self":[{"href":"https:\/\/hautwerk.ch\/en\/wp-json\/wp\/v2\/posts\/2233","targetHints":{"allow":["GET"]}}],"collection":[{"href":"https:\/\/hautwerk.ch\/en\/wp-json\/wp\/v2\/posts"}],"about":[{"href":"https:\/\/hautwerk.ch\/en\/wp-json\/wp\/v2\/types\/post"}],"author":[{"embeddable":true,"href":"https:\/\/hautwerk.ch\/en\/wp-json\/wp\/v2\/users\/4"}],"replies":[{"embeddable":true,"href":"https:\/\/hautwerk.ch\/en\/wp-json\/wp\/v2\/comments?post=2233"}],"version-history":[{"count":0,"href":"https:\/\/hautwerk.ch\/en\/wp-json\/wp\/v2\/posts\/2233\/revisions"}],"wp:featuredmedia":[{"embeddable":true,"href":"https:\/\/hautwerk.ch\/en\/wp-json\/wp\/v2\/media\/2234"}],"wp:attachment":[{"href":"https:\/\/hautwerk.ch\/en\/wp-json\/wp\/v2\/media?parent=2233"}],"wp:term":[{"taxonomy":"category","embeddable":true,"href":"https:\/\/hautwerk.ch\/en\/wp-json\/wp\/v2\/categories?post=2233"},{"taxonomy":"post_tag","embeddable":true,"href":"https:\/\/hautwerk.ch\/en\/wp-json\/wp\/v2\/tags?post=2233"}],"curies":[{"name":"wp","href":"https:\/\/api.w.org\/{rel}","templated":true}]}}